{"id":2462,"date":"2025-12-10T16:03:44","date_gmt":"2025-12-10T07:03:44","guid":{"rendered":"https:\/\/global-angle.com\/?p=2462"},"modified":"2026-02-13T12:51:45","modified_gmt":"2026-02-13T04:51:45","slug":"turkey-ev-market","status":"publish","type":"post","link":"https:\/\/global-angle.com\/ja\/turkey-ev-market\/","title":{"rendered":"\u30c8\u30eb\u30b3\u306eEV\u5e02\u5834"},"content":{"rendered":"<p><\/p>\r\n<h2 class=\"wp-block-heading\">\u30c8\u30eb\u30b3EV\u5e02\u5834\u306e\u5e02\u5834\u898f\u6a21<\/h2>\r\n<p>\r\n\r\n<\/p>\r\n<p class=\"\">\u30c8\u30eb\u30b3EV\u5e02\u5834\u306e\u5e02\u5834\u898f\u6a21<\/p>\r\n<p>\r\n\r\n<\/p>\r\n<ul class=\"wp-block-list\">\r\n<li class=\"\">\u30c8\u30eb\u30b3\u306eEV\u5e02\u5834\u306f\u30012025\u5e74\u306b\u7d04143\u5104\u7c73\u30c9\u30eb\u306b\u9054\u3059\u308b\u3068\u4e88\u6e2c\u3055\u308c\u3066\u304a\u308a\u3001\u5e74\u5e73\u5747\u6210\u9577\u7387\u306f\u7d0420.1\uff05\u3068\u898b\u8fbc\u307e\u308c\u3066\u3044\u307e\u3059\u3002\u672c\u7ae0\u3067\u306f\u30c8\u30eb\u30b3\u306eEV\u5e02\u5834\u898f\u6a21\u306e\u62e1\u5927\u3092\u3001\u666e\u53ca\u53f0\u6570\u3068\u8ca9\u58f2\u6bd4\u7387\u306e\u5909\u5316\u304b\u3089\u6574\u7406\u3057\u307e\u3059\u3002<\/li>\r\n<\/ul>\r\n<p>\r\n\r\n<\/p>\r\n<ul class=\"wp-block-list\">\r\n<li class=\"\">EV\u306e\u666e\u53ca\u306f\u6025\u901f\u306b\u9032\u3093\u3067\u304a\u308a\u3001<a href=\"https:\/\/data.tuik.gov.tr\/Bulten\/Index?p=Motorlu-Kara-Tasitlari-Eylul-2025-54044\">\u767b\u9332\u8eca\u4e21\u7d041,700\u4e07\u53f0<\/a>\u306e\u3046\u3061\u30012025\u5e74\u6642\u70b9\u3067319,155\u53f0\u304cEV\u3068\u306a\u3063\u3066\u3044\u307e\u3059\u3002\u3053\u308c\u306f\u30012019\u5e74\u306e1,176\u53f0\u304b\u3089\u5927\u5e45\u306b\u5897\u52a0\u3057\u305f\u6570\u5b57\u3067\u3059\u3002<\/li>\r\n<\/ul>\r\n<p>\r\n\r\n<\/p>\r\n<figure class=\"wp-block-image size-full\"><img decoding=\"async\" width=\"1014\" height=\"528\" loading=\"lazy\" class=\"wp-image-2601\" src=\"https:\/\/i0.wp.com\/global-angle.com\/wp-content\/uploads\/2025\/12\/Electric-Cars-Registered-in-Turkey-2019-2025.png?fit=1014%2C528&amp;ssl=1\" alt=\"\" srcset=\"https:\/\/i0.wp.com\/global-angle.com\/wp-content\/uploads\/2025\/12\/Electric-Cars-Registered-in-Turkey-2019-2025.png?w=1014&amp;ssl=1 1014w, https:\/\/i0.wp.com\/global-angle.com\/wp-content\/uploads\/2025\/12\/Electric-Cars-Registered-in-Turkey-2019-2025.png?resize=768%2C400&amp;ssl=1 768w\" sizes=\"auto, (max-width: 1000px) 100vw, 1000px\" \/>\r\n<figcaption class=\"wp-element-caption\"><a href=\"https:\/\/data.tuik.gov.tr\/Bulten\/Index?p=Motorlu-Kara-Tasitlari-Eylul-2025-54044\">\u53c2\u7167<\/a><\/figcaption>\r\n<\/figure>\r\n<p>\r\n\r\n<\/p>\r\n<ul class=\"wp-block-list\">\r\n<li class=\"\">\u5e74\u9593\u8ca9\u58f2\u53f0\u6570\u306f2019\u5e74\u306e222\u53f0\u304b\u30892025\u5e74\u306b\u306f133,781\u53f0\u3078\u3068\u6025\u5897\u3057\u3001\u65b0\u8eca\u8ca9\u58f2\u306b\u5360\u3081\u308bEV\u306e\u6bd4\u7387\u306f2019\uff5e2021\u5e74\u306e\u307b\u307c0\uff05\u304b\u3089\u30012025\u5e74\u306b\u306f18\uff05\u306b\u307e\u3067\u62e1\u5927\u3057\u307e\u3057\u305f\u3002\u56fd\u5185\u5e02\u5834\u3067\u306e\u8ca9\u58f2\u306f\u3001\u30a4\u30f3\u30bb\u30f3\u30c6\u30a3\u30d6\u3084<a href=\"https:\/\/www.spglobal.com\/automotive-insights\/en\/blogs\/2025\/08\/turkish-electric-car-market-analysis.\">\u00d6TV\uff08\u7279\u5225\u6d88\u8cbb\u7a0e\uff09<\/a>\u306e\u6e1b\u7a0e\u306b\u652f\u3048\u3089\u308c\u3001\u4eca\u5f8c\u308216\uff5e18\uff05\u306e\u6210\u9577\u304c\u898b\u8fbc\u307e\u308c\u3066\u3044\u307e\u3059\u3002\u3053\u3046\u3057\u305f\u653f\u7b56\u9762\u306e\u5f8c\u62bc\u3057\u306f\u3001\u5b9f\u8cea\u7684\u306b\u30c8\u30eb\u30b3\u306eEV\u88dc\u52a9\u91d1\uff08\u512a\u9047\u7b56\uff09\u3068\u3057\u3066\u6a5f\u80fd\u3057\u3066\u3044\u307e\u3059\u3002<\/li>\r\n<\/ul>\r\n<p>\r\n\r\n<\/p>\r\n<figure class=\"wp-block-image size-full\"><img decoding=\"async\" width=\"941\" height=\"538\" loading=\"lazy\" class=\"wp-image-2605\" src=\"https:\/\/i0.wp.com\/global-angle.com\/wp-content\/uploads\/2025\/12\/Annual-EV-Units-Sold.png?fit=941%2C538&amp;ssl=1\" alt=\"\" srcset=\"https:\/\/i0.wp.com\/global-angle.com\/wp-content\/uploads\/2025\/12\/Annual-EV-Units-Sold.png?w=941&amp;ssl=1 941w, https:\/\/i0.wp.com\/global-angle.com\/wp-content\/uploads\/2025\/12\/Annual-EV-Units-Sold.png?resize=768%2C439&amp;ssl=1 768w\" sizes=\"auto, (max-width: 941px) 100vw, 941px\" \/>\r\n<figcaption class=\"wp-element-caption\">\u53c2\u7167 (<a href=\"https:\/\/www.odmd.org.tr\/folders\/2837\/categorial1docs\/5973\/Makroekonomik%20De%c4%9ferlendirme%20-%20Eyl%c3%bcl%202025.pdf\">1<\/a>, <a href=\"https:\/\/www.odmd.org.tr\/folders\/2837\/categorial1docs\/4813\/Makroekonomik%20De%c4%9ferlendirme%20-%20Aral%c4%b1k%202024.pdf\">2<\/a>, <a href=\"https:\/\/www.odmd.org.tr\/folders\/2837\/categorial1docs\/4585\/Makroekonomik%20De%c4%9ferlendirme%20-%20Aral%c4%b1k%202023.pdf\">3<\/a>, <a href=\"https:\/\/www.odmd.org.tr\/folders\/2837\/categorial1docs\/3364\/Makroekonomik%20De%c4%9ferlendirme%20-%20Aral%c4%b1k%202022.pdf\">4<\/a>, <a href=\"https:\/\/www.odmd.org.tr\/folders\/2837\/categorial1docs\/3102\/Makroekonomik%20De%c4%9ferlendirme%20-%20Aral%c4%b1k%202021.pdf\">5<\/a>, <a href=\"https:\/\/www.odmd.org.tr\/folders\/2837\/categorial1docs\/2870\/Sekt%c3%b6rel%20De%c4%9ferlendirme%20Aral%c4%b1k%202020.pdf\">6<\/a>, <a href=\"https:\/\/www.odmd.org.tr\/folders\/2837\/categorial1docs\/2623\/Sekt%c3%b6rel%20De%c4%9ferlendirme%20Aral%c4%b1k%202019.pdf\">7<\/a>)<\/figcaption>\r\n<\/figure>\r\n<p>\r\n\r\n<\/p>\r\n<figure class=\"wp-block-image size-full is-resized\"><img data-recalc-dims=\"1\" decoding=\"async\" width=\"757\" height=\"456\" loading=\"lazy\" class=\"wp-image-2613\" style=\"aspect-ratio: 1.6644533428907349; width: 840px; height: auto;\" src=\"https:\/\/i0.wp.com\/global-angle.com\/wp-content\/uploads\/2025\/12\/EV-vs.-Non-EV-Share-in-Total-Car-Sales-Units-2019-2025.png?resize=757%2C456&#038;ssl=1\" alt=\"\" \/>\r\n<figcaption class=\"wp-element-caption\">\u53c2\u7167 (<a href=\"https:\/\/www.odmd.org.tr\/folders\/2837\/categorial1docs\/5973\/Makroekonomik%20De%c4%9ferlendirme%20-%20Eyl%c3%bcl%202025.pdf\">1<\/a>, <a href=\"https:\/\/www.odmd.org.tr\/folders\/2837\/categorial1docs\/4813\/Makroekonomik%20De%c4%9ferlendirme%20-%20Aral%c4%b1k%202024.pdf\">2<\/a>, <a href=\"https:\/\/www.odmd.org.tr\/folders\/2837\/categorial1docs\/4585\/Makroekonomik%20De%c4%9ferlendirme%20-%20Aral%c4%b1k%202023.pdf\">3<\/a>, <a href=\"https:\/\/www.odmd.org.tr\/folders\/2837\/categorial1docs\/3364\/Makroekonomik%20De%c4%9ferlendirme%20-%20Aral%c4%b1k%202022.pdf\">4<\/a>, <a href=\"https:\/\/www.odmd.org.tr\/folders\/2837\/categorial1docs\/3102\/Makroekonomik%20De%c4%9ferlendirme%20-%20Aral%c4%b1k%202021.pdf\">5<\/a>, <a href=\"https:\/\/www.odmd.org.tr\/folders\/2837\/categorial1docs\/2870\/Sekt%c3%b6rel%20De%c4%9ferlendirme%20Aral%c4%b1k%202020.pdf\">6<\/a>, <a href=\"https:\/\/www.odmd.org.tr\/folders\/2837\/categorial1docs\/2623\/Sekt%c3%b6rel%20De%c4%9ferlendirme%20Aral%c4%b1k%202019.pdf\">7<\/a>)<\/figcaption>\r\n<\/figure>\r\n<p>\r\n\r\n<\/p>\r\n<ul class=\"wp-block-list\">\r\n<li class=\"\">2025\u5e74\u5f8c\u534a\uff08H2\uff09\u306b\u306f\u3001\u60f3\u5b9a\u3055\u308c\u308b\u7a0e\u5236\u5909\u66f4\u3001\u65b0\u305f\u306a\u56fd\u5185\u30fb\u8f38\u5165\u30e2\u30c7\u30eb\u306e\u6295\u5165\u3001<a href=\"https:\/\/www.log.com.tr\/eylul-ayinda-turkiyede-en-cok-satilan-sifir-elektrikli-otomobil-modelleri-belli-oldu\/\">\u51fa\u8377\u30bf\u30a4\u30df\u30f3\u30b0<\/a>\u306e\u5f71\u97ff\u3092\u53d7\u3051\u3001EV\u306f\u6708\u6b21\u8ca9\u58f2\u30b7\u30a7\u30a227\uff05\u306e\u30d4\u30fc\u30af\u306b\u9054\u3057\u307e\u3057\u305f\u3002<\/li>\r\n<li>BYD\u3001Mercedes\u3001Citro\u00ebn \u306a\u3069\u306e\u30d6\u30e9\u30f3\u30c9\u306b\u3088\u308b\u30e2\u30c7\u30eb\u5c55\u958b\u306e\u62e1\u5927\u3084\u3001\u4e3b\u8981\u306a\u4fa1\u683c\u30fb\u7a0e\u5236\u306e\u95be\u5024\u3092\u4e0b\u56de\u308b\u4f4e\u4fa1\u683c\u30e2\u30c7\u30eb\u306e\u767b\u5834\u306b\u3088\u308a\u3001EV\u3078\u306e<a href=\"https:\/\/www.watmobilite.com\/blog\/turkiye-elektrikli-arac-pazari-2025-satislar-pazar-payi-ve-avrupa-karsilastirmasi\">\u30a2\u30af\u30bb\u30b9\u304c\u5e83\u304c\u308a\u307e\u3057\u305f<\/a>\u3002<\/li>\r\n<li>\u5145\u96fb\u30a4\u30f3\u30d5\u30e9\u306e\u62e1\u5145\u306b\u3088\u308a\u3001\u822a\u7d9a\u8ddd\u96e2\u306b\u5bfe\u3059\u308b\u4e0d\u5b89\u306f\u7de9\u548c\u3055\u308c\u307e\u3057\u305f\u30022025\u5e742\u6708\u6642\u70b9\u3067\u3001\u30c8\u30eb\u30b3\u306b\u306f11,000\u304b\u6240\u4ee5\u4e0a\u306e\u5145\u96fb\u30b9\u30c6\u30fc\u30b7\u30e7\u30f3\u3068<a href=\"https:\/\/www.dailysabah.com\/business\/automotive\/turkiyes-charging-map-expands-rapidly-amid-ev-boom\">28,000\u53e3\u4ee5\u4e0a\u306e\u5145\u96fb\u30bd\u30b1\u30c3\u30c8<\/a>\u304c\u3042\u308a\u307e\u3059\u3002\u307e\u305f\u3001\u30c8\u30eb\u30b3\u306b\u304a\u3051\u308bDC\u6025\u901f\u5145\u96fb\uff08\u76f4\u6d41\u6025\u901f\u5145\u96fb\uff09\u306e\u6574\u5099\u3082\u9032\u3093\u3067\u304a\u308a\u3001\u9577\u8ddd\u96e2\u79fb\u52d5\u3084\u5546\u7528\u5229\u7528\u306e\u30cf\u30fc\u30c9\u30eb\u4f4e\u4e0b\u306b\u5bc4\u4e0e\u3057\u3066\u3044\u307e\u3059\u3002<\/li>\r\n\r\n\r\n<\/ul>\r\n<p>\r\n\r\n<\/p>\r\n<h2 class=\"wp-block-heading\">\u30d0\u30c3\u30c6\u30ea\u30fc\u88fd\u9020\u3001\u81ea\u52d5\u8eca\u90e8\u54c1\u3001\u96fb\u52d5\u5316\u306b\u304a\u3051\u308b\u30c8\u30eb\u30b3\u306e\u4f4d\u7f6e\u3065\u3051<\/h2>\r\n<p>\r\n\r\n<\/p>\r\n<ul class=\"wp-block-list\">\r\n<li class=\"\">\u30b2\u30e0\u30ea\u30c3\u30af\uff08Gemlik\uff09\u3067\u306f\u3001Togg\u2013Farasis \u306e\u5408\u5f01\u4e8b\u696d\u3067\u3042\u308b SIRO \u304c2023\u5e74\u306b\u30d0\u30c3\u30c6\u30ea\u30fc\u30e2\u30b8\u30e5\u30fc\u30eb\u304a\u3088\u3073\u30d1\u30c3\u30af\u306e\u751f\u7523\u3092\u958b\u59cb\u3057\u3066\u304a\u308a\u3001\u5e74\u95933GWh\u306e\u751f\u7523\u80fd\u529b\u3068\u3001<a href=\"https:\/\/www.strategyand.pwc.com\/tr\/possible-approaches-to-handle-current-profitability-challenges-in-the-turkish-ev-charging-market\">2031\u5e74\u307e\u3067\u306b20GWh\u3068\u3044\u3046\u76ee\u6a19<\/a>\u3092\u63b2\u3052\u3066\u3044\u307e\u3059\u3002<\/li>\r\n<li>2024\u5e74\u306b\u306f\u3001BYD \u304c\u5e74\u752315\u4e07\u53f0\u898f\u6a21\u306eEV\u5de5\u5834\u304a\u3088\u3073R&amp;D\u30bb\u30f3\u30bf\u30fc\u306b\u5411\u3051\u306610\u5104\u7c73\u30c9\u30eb\u306e\u6295\u8cc7\u3092\u767a\u8868\u3057\u3001<a href=\"https:\/\/www.reuters.com\/business\/autos-transportation\/china-ev-maker-byd-build-1-bln-plant-turkey-2024-07-08\/\">2026\u5e74\u306e\u7a3c\u50cd\u958b\u59cb<\/a>\u3092\u4e88\u5b9a\u3057\u3066\u3044\u307e\u3059\u3002<\/li>\r\n<li>\u90e8\u54c1\u5206\u91ce\u3067\u306f\u3001ASP\u0130LSAN \u306e\u30ab\u30a4\u30bb\u30ea\uff08Kayseri\uff09\u5de5\u5834\uff082022\u5e74\u958b\u8a2d\uff09\u304c\u5e74\u95932,200\u4e07\u500b\u306e\u30ea\u30c1\u30a6\u30e0\u30a4\u30aa\u30f3\u96fb\u6c60\u30bb\u30eb\u3092\u751f\u7523\u3057\u3066\u304a\u308a\u3001\u56fd\u5185<a href=\"https:\/\/www.aa.com.tr\/tr\/savunma-sanayisi\/aspilsan-enerji-urettigi-pil-ve-bataryalarla-savunma-sanayisinin-karbon-ayak-izini-dusuruyor-\/3542810#:~:text=%C5%9Eirket%20taraf%C4%B1ndan%202022%20y%C4%B1l%C4%B1nda%20yakla%C5%9F%C4%B1k,milyon%20pil%20%C3%BCretebilme%20kapasitesi%20bulunuyor\">\u4f9b\u7d66<\/a>\u306e\u5f37\u5316\u306b\u3064\u306a\u304c\u3063\u3066\u3044\u307e\u3059\u3002<\/li>\r\n<li>\u30c8\u30eb\u30b3\u306e\u5f37\u56fa\u306a\u81ea\u52d5\u8eca\u90e8\u54c1\u57fa\u76e4\u306f\u30012025\u5e746\u6708\u306b\u304a\u3044\u3066\u8f38\u51fa\u304c11.8\u5104\u7c73\u30c9\u30eb\u8d85\uff08<a href=\"https:\/\/tacirler.com.tr\/upload\/files\/arastirma\/gorunum\/2025-2h-outlook--tacirler.pdf\">\u524d\u5e74\u540c\u6708\u6bd413\uff05\u5897<\/a>\uff09\u306b\u9054\u3059\u308b\u306a\u3069\u3001\u8f38\u51fa\u3092\u4e0b\u652f\u3048\u3057\u3066\u3044\u307e\u3059\u3002\u3053\u306e\u6210\u9577\u306f\u6b27\u5dde\u306e\u30b0\u30ea\u30fc\u30f3\u653f\u7b56\u3068\u3082\u6574\u5408\u3057\u3066\u304a\u308a\u3001\u30c8\u30eb\u30b3\u304b\u3089\u306eEV\u8f38\u51fa\u9700\u8981\u3092\u62bc\u3057\u4e0a\u3052\u3001\u30c8\u30eb\u30b3\u306eEV\u8f38\u51fa\u306f\u5e74\u738710\uff05\u3067\u5897\u52a0\u3059\u308b\u3068\u898b\u8fbc\u307e\u308c\u3066\u3044\u307e\u3059\u3002<\/li>\r\n<li>2024\u5e74\u534a\u3070\u306b\u767a\u8868\u3055\u308c\u305f\u30cf\u30a4\u30c6\u30af\u6295\u8cc7\u30d1\u30c3\u30b1\u30fc\u30b8\u306f\u30012030\u5e74\u307e\u3067\u306b\u5e74\u9593100\u4e07\u53f0\u306eEV\u751f\u7523\u306880GWh\u306e\u30d0\u30c3\u30c6\u30ea\u30fc\u751f\u7523\u80fd\u529b\u3092\u76ee\u6a19\u3068\u3057\u3066\u304a\u308a\u3001<a href=\"https:\/\/www.reuters.com\/business\/autos-transportation\/turkeys-erdogan-announces-30-bln-incentives-high-tech-areas-2024-07-26\/\">\u30c8\u30eb\u30b3\u306e\u96fb\u52d5\u5316\u6226\u7565<\/a>\u3092\u78ba\u56fa\u305f\u308b\u3082\u306e\u306b\u3057\u3066\u3044\u307e\u3059\u3002<\/li>\r\n\r\n\r\n<\/ul>\r\n<p>\r\n\r\n<\/p>\r\n<h2 class=\"wp-block-heading\"><strong>Does Turkey make electric cars?<\/strong><\/h2>\r\n<p>\r\n\r\n<\/p>\r\n<ul class=\"wp-block-list\">\r\n<li>\u30c8\u30eb\u30b3\u306f\u96fb\u6c17\u81ea\u52d5\u8eca\u3092\u751f\u7523\u3057\u3066\u3044\u308b\u3060\u3051\u3067\u306a\u304f\u3001\u5730\u57df\u7684\u306aEV\u88fd\u9020\u62e0\u70b9\u3068\u3057\u3066\u6025\u901f\u306b\u53f0\u982d\u3057\u3066\u3044\u307e\u3059\u3002<\/li>\r\n<li>\u540c\u56fd\u521d\u306e\u56fd\u7523\u96fb\u6c17\u81ea\u52d5\u8eca\u30d6\u30e9\u30f3\u30c9\u3067\u3042\u308b TOGG \u306f\u3001<a href=\"https:\/\/www.hurriyetdailynews.com\/domestic-ev-maker-togg-delivers-nearly-50-000-vehicles-to-date-204265\">2023\u5e74\u306bSUV\u300cT10X\u300d<\/a>\u306e\u751f\u7523\u3092\u958b\u59cb\u3057\u30012024\u5e74\u306b\u306f\u7d0430,093\u53f0\u3092\u8ca9\u58f2\u3057\u307e\u3057\u305f\u3002\u3055\u3089\u306b\u3001<a href=\"https:\/\/www.agbi.com\/manufacturing\/2025\/07\/turkeys-homegrown-togg-outsells-ev-rivals\/\">2025\u5e74\u4e0a\u534a\u671f\u3060<\/a>\u3051\u306717,101\u53f0\u3092\u8ca9\u58f2\u3057\u3066\u3044\u307e\u3059\u3002\u3053\u306eTOGG T10X\u306e\u8ca9\u58f2\u62e1\u5927\u306f\u3001\u56fd\u5185\u30d6\u30e9\u30f3\u30c9\u306e\u5b58\u5728\u611f\u3092\u793a\u3059\u8c61\u5fb4\u7684\u306a\u52d5\u304d\u3067\u3059\u3002<\/li>\r\n<li>\u307e\u305f\u3001Ford Otosan\uff08FROTO\uff09\u3084 Tofa\u015f T\u00fcrk Otomobil Fabrikas\u0131\uff08TOASO\uff09\u3068\u3044\u3063\u305f\u4e3b\u8981\u81ea\u52d5\u8eca\u30e1\u30fc\u30ab\u30fc\u3082\u3001\u3053\u306e\u96fb\u52d5\u5316\u306e\u79fb\u884c\u306b\u304a\u3044\u3066\u4e2d\u5fc3\u7684\u306a\u5f79\u5272\u3092\u679c\u305f\u3057\u3066\u3044\u307e\u3059\u3002<a href=\"https:\/\/www.auto-revista.com\/texto-diario\/mostrar\/4827087\/ford-otosan-at-the-forefront-of-sustainable-electric-commercial-vehicle-production\">Ford Otosan<\/a> \u306fEV\u306e\u751f\u7523\u3092\u958b\u59cb\u3057\u3066\u304a\u308a\u3001<a href=\"https:\/\/tacirler.com.tr\/upload\/files\/arastirma\/sirket-raporlari\/froto\/froto_company-report_august_2024.pdf\">\u6b27\u5dde\u306e\u96fb\u52d5\u5316\u76ee\u6a19\u306b\u6cbf\u3063\u3066<\/a>\u30012025\u5e74\u307e\u3067\u306b\u5b8c\u5168\u96fb\u52d5\u30e2\u30c7\u30eb\u306e\u6295\u5165\u3092\u8a08\u753b\u3057\u3066\u3044\u307e\u3059\u3002<\/li>\r\n<li>\u4e00\u65b9\u3001Tofa\u015f \u306f\u3001<a href=\"https:\/\/www.dailysabah.com\/business\/automotive\/tofas-targets-to-produce-1m-vehicles-by-2032-under-stellantis-deal\">2\u51043,200\u4e07\u30e6\u30fc\u30ed\u306e\u6295\u8cc7\u8a08\u753b<\/a>\u306e\u3082\u3068\u30012024\u5e74\u304b\u30892032\u5e74\u306b\u304b\u3051\u3066\u3001\u30cf\u30a4\u30d6\u30ea\u30c3\u30c9\u8eca\u304a\u3088\u3073\u5b8c\u5168\u96fb\u52d5\u8eca\u3092\u542b\u3080100\u4e07\u53f0\u306e\u751f\u7523\u3092\u76ee\u6a19\u3068\u3057\u3066\u3044\u307e\u3059\u3002<\/li>\r\n<li>\u3053\u308c\u3089\u306e\u53d6\u308a\u7d44\u307f\u306f\u3001\u30c8\u30eb\u30b3\u304c\u5730\u57df\u306b\u304a\u3051\u308bEV\u751f\u7523\u306e\u4e2d\u6838\u62e0\u70b9\u3068\u306a\u308b\u3068\u3044\u3046\u6226\u7565\u7684\u306a\u91ce\u5fc3\u3092\u6301\u3061\u3001\u56fd\u5185\u306e\u30a4\u30ce\u30d9\u30fc\u30b7\u30e7\u30f3\u3068\u6b27\u5dde\u306e\u96fb\u52d5\u30e2\u30d3\u30ea\u30c6\u30a3\u30fb\u30a8\u30b3\u30b7\u30b9\u30c6\u30e0\u3078\u306e\u7d71\u5408\u3092\u540c\u6642\u306b\u9032\u3081\u3066\u3044\u308b\u3053\u3068\u3092\u660e\u78ba\u306b\u793a\u3057\u3066\u3044\u307e\u3059\u3002<\/li>\r\n<\/ul>\r\n<p>\r\n\r\n<\/p>\r\n<h2 class=\"wp-block-heading\">\u30c8\u30eb\u30b3\u3067\u4eba\u6c17\u306e\u3042\u308bEV\u30d6\u30e9\u30f3\u30c9\u306f\u4f55\u3067\u3059\u304b\uff1f<\/h2>\r\n<p>\r\n\r\n<\/p>\r\n<ul class=\"wp-block-list\">\r\n<li>\u4e2d\u56fd\u306e BYD \u306f\u30012023\u5e74\u5f8c\u534a\u306b\u96fb\u52d5SUV\u300cATTO 3\u300d\u3067\u30c8\u30eb\u30b3\u5e02\u5834\u306b\u6b63\u5f0f\u53c2\u5165\u3057\u30012024\u5e74\u306b\u306f\u300cSeal U DM-i\u300d\u306a\u3069\u306e\u30cf\u30a4\u30d6\u30ea\u30c3\u30c9\u304a\u3088\u3073\u30d7\u30e9\u30b0\u30a4\u30f3\u30e2\u30c7\u30eb\u3092\u5c55\u958b\u3057\u3001<a href=\"https:\/\/jameelmotors.com\/en\/insights\/building-electric-dreams-in-turkiye\/\">\u5730\u57df\u7684\u306a\u30e9\u30a4\u30f3\u30a2\u30c3\u30d7\u62e1\u5927<\/a>\u3092\u9032\u3081\u3066\u3044\u307e\u3059\u3002<\/li>\r\n<li>Tesla \u306f\u30012023\u5e74\u306b\u6295\u5165\u3057\u305f\u300cModel Y\u300d\u3092\u901a\u3058\u3066\u5b58\u5728\u611f\u3092\u6025\u901f\u306b\u9ad8\u3081\u3001<a href=\"https:\/\/teslanorth.com\/2025\/09\/02\/tesla-breaks-sales-record-in-turkey-with-model-y-in-august\/\">2025\u5e74\u534a\u3070\u307e\u3067\u306b\u30c8\u30eb\u30b3\u3067\u6700\u3082\u58f2\u308c\u3066\u3044\u308bEV<\/a>\u306e\u4e00\u3064\u3068\u306a\u308a\u307e\u3057\u305f\u3002<\/li>\r\n<li>\u56fd\u5185\u30e1\u30fc\u30ab\u30fc\u306e TOGG \u306f\u30012023\u5e74\u306b\u300cT10X\u300d\u306e\u7d0d\u8eca\u3092\u958b\u59cb\u3057\u30012024\u5e74\u306b\u306f2025\u5e74\u6295\u5165\u4e88\u5b9a\u306e\u30d5\u30a1\u30b9\u30c8\u30d0\u30c3\u30af\u30e2\u30c7\u30eb\u300cT10F\u300d\u3092\u767a\u8868\u3059\u308b\u306a\u3069\u3001\u30c8\u30eb\u30b3\u88fdEV\u306e\u5b58\u5728\u611f\u3092\u9ad8\u3081\u3066\u3044\u307e\u3059\uff08electrive.com\uff09\u3002<\/li>\r\n<li>Chery \u306f Omoda \u30d6\u30e9\u30f3\u30c9\u3092\u901a\u3058\u3066\u5e02\u5834\u306b\u518d\u53c2\u5165\u3057\u30012023\u5e743\u6708\u306b\u300cOmoda 5\u300d\u3092\u767a\u58f2\u3057\u3066<a href=\"https:\/\/www.dailysabah.com\/business\/automotive\/chinas-chery-says-seeking-partnerships-to-expand-turkiye-business\">\u30df\u30c3\u30c9\u30b5\u30a4\u30baSUV\u30bb\u30b0\u30e1\u30f3\u30c8<\/a>\u3092\u6d3b\u6027\u5316\u3055\u305b\u307e\u3057\u305f\u3002<\/li>\r\n<li>Citro\u00ebn \u306f\u300cC4 X\u300d\u3067\u8ca9\u58f2\u3092\u4f38\u3070\u3059\u3068\u3068\u3082\u306b\u3001<a href=\"https:\/\/www.citroen.com.tr\/citroen-dunyasi\/haberler\/yeni-citroen-c3-aircross-yil-sonunda-turkiyede.html\">2024\uff5e2025\u5e74\u306b\u5411\u3051\u3066\u300cC3\u300d\u304a\u3088\u3073\u300cC3 Aircross\u300d\u306e\u96fb\u52d5\u30e2\u30c7\u30eb\u3092\u6295\u5165\u3057\u307e\u3057\u305f\u3002<\/a><\/li>\r\n<li>Mercedes-Benz \u306f\u30012023\u5e74\u306e\u300cE\u30af\u30e9\u30b9\u300d\u3084<a href=\"https:\/\/tehad.org\/2025\/03\/14\/mercedes-benz-tam-elektrikli-cla-modeli-tanitildi\/\">2025\u5e74\u4e88\u5b9a\u306e\u5b8c\u5168\u96fb\u52d5\u300cCLA\u300d<\/a>\u306a\u3069\u3092\u6295\u5165\u3057\u3001\u30d7\u30ec\u30df\u30a2\u30e0\u30bb\u30b0\u30e1\u30f3\u30c8\u306b\u8ca2\u732e\u3057\u3066\u3044\u307e\u3059\u3002<\/li>\r\n<li>2025\u5e749\u6708\u6642\u70b9\u3067\u306f\u3001Tesla Model Y \u304c1,664\u53f0\u3067\u8ca9\u58f2\u9996\u4f4d\u3068\u306a\u308a\u3001TOGG T10F\uff081,194\u53f0\uff09\u3001T10X\uff081,061\u53f0\uff09\u304c\u7d9a\u304d\u3001Kia EV3\u3001BYD Atto 3\u3001Citro\u00ebn C3\u3001Volvo EX30 \u306a\u3069\u304c\u540d\u3092\u9023\u306d\u308b\u3001<a href=\"https:\/\/www.log.com.tr\/eylul-ayinda-turkiyede-en-cok-satilan-sifir-elektrikli-otomobil-modelleri-belli-oldu\/\">\u591a\u69d8\u3067\u7af6\u4e89\u306e\u6fc0\u3057\u3044\u5e02\u5834<\/a>\u3068\u306a\u3063\u3066\u3044\u307e\u3059\u3002<\/li>\r\n<\/ul>\r\n<ul class=\"wp-block-list\"><\/ul>\r\n<p>\r\n\r\n<\/p>\r\n<div class=\"text-base my-auto mx-auto pb-10 [--thread-content-margin:--spacing(4)] @w-sm\/main:[--thread-content-margin:--spacing(6)] @w-lg\/main:[--thread-content-margin:--spacing(16)] px-(--thread-content-margin)\">\r\n<div class=\"[--thread-content-max-width:40rem] @w-lg\/main:[--thread-content-max-width:48rem] mx-auto max-w-(--thread-content-max-width) flex-1 group\/turn-messages focus-visible:outline-hidden relative flex w-full min-w-0 flex-col agent-turn\" tabindex=\"-1\">\r\n<div class=\"flex max-w-full flex-col grow\">\r\n<div class=\"min-h-8 text-message relative flex w-full flex-col items-end gap-2 text-start break-words whitespace-normal [.text-message+&amp;]:mt-1\" dir=\"auto\" data-message-author-role=\"assistant\" data-message-id=\"7058c9b5-b11f-4b1f-9734-3aa2ae35a7ab\" data-message-model-slug=\"gpt-5-2-thinking\">\r\n<div class=\"flex w-full flex-col gap-1 empty:hidden first:pt-[1px]\">\r\n<div class=\"streaming-animation markdown prose dark:prose-invert w-full break-words light markdown-new-styling\">\r\n<p data-start=\"0\" data-end=\"15\"><strong data-start=\"0\" data-end=\"15\">\u5916\u56fd\u4f01\u696d\u306b\u3068\u3063\u3066\u306e\u6a5f\u4f1a<\/strong><\/p>\r\n<\/div>\r\n<\/div>\r\n<\/div>\r\n<\/div>\r\n<\/div>\r\n<\/div>\r\n<p>\r\n\r\n<\/p>\r\n<ul class=\"wp-block-list\">\r\n<li class=\"\">\u30c8\u30eb\u30b3\u306f\u3001\u30d0\u30c3\u30c6\u30ea\u30fc\u751f\u7523\u3001EV\u90e8\u54c1\u3001\u518d\u751f\u53ef\u80fd\u30a8\u30cd\u30eb\u30ae\u30fc\u3092\u6d3b\u7528\u3057\u305f\u5145\u96fb\u3001\u30b9\u30de\u30fc\u30c8\u30e2\u30d3\u30ea\u30c6\u30a3\u30fb\u30bd\u30d5\u30c8\u30a6\u30a7\u30a2\u306e\u5206\u91ce\u306b\u304a\u3044\u3066\u3001\u5916\u56fdEV\u6295\u8cc7\u5bb6\u306b\u3068\u3063\u3066\u5f37\u529b\u306a\u6a5f\u4f1a\u3092\u63d0\u4f9b\u3057\u3066\u3044\u307e\u3059\u3002<br \/>\r\n<ul class=\"wp-block-list\">\r\n<li>\u624b\u539a\u3044\u653f\u7b56\u30a4\u30f3\u30bb\u30f3\u30c6\u30a3\u30d6\u3068\u95a2\u7a0e\u540c\u76df\u3092\u901a\u3058\u305fEU\u5e02\u5834\u3078\u306e\u30a2\u30af\u30bb\u30b9\u306b\u652f\u3048\u3089\u308c\u3001\u540c\u56fd\u306f\u5730\u57df\u7684\u306a\u30af\u30ea\u30fc\u30f3\u30e2\u30d3\u30ea\u30c6\u30a3\u62e0\u70b9\u3068\u3057\u3066\u53f0\u982d\u3057\u3066\u3044\u307e\u3059\u3002<\/li>\r\n<li>\u30d7\u30ed\u30b8\u30a7\u30af\u30c8\u30fb\u30d9\u30fc\u30b9\u6295\u8cc7\u512a\u9047\u5236\u5ea6\u306f\u3001\u5927\u898f\u6a21\u306aEV\u304a\u3088\u3073\u30d0\u30c3\u30c6\u30ea\u30fc<a href=\"https:\/\/www.fdiintelligence.com\/content\/60232627-74bf-5e4c-9448-11f15dbd4134\">\u30d7\u30ed\u30b8\u30a7\u30af\u30c8<\/a>\u306b\u5bfe\u3057\u3066\u3001\u7a0e\u5236\u512a\u9047\u3001\u95a2\u7a0e\u514d\u9664\u3001\u7528\u5730\u652f\u63f4\u3092\u63d0\u4f9b\u3057\u3066\u3044\u307e\u3059\u3002<\/li>\r\n<li>2024\u5e74\u306b\u306f\u300145\u5104\u7c73\u30c9\u30eb\u306e\u30d1\u30c3\u30b1\u30fc\u30b8\u306b\u3088\u308a\u3001\u30d0\u30c3\u30c6\u30ea\u30fc\u304a\u3088\u3073EV\u5206\u91ce\u306e\u62e1\u5927\u304c\u3055\u3089\u306b\u52a0\u901f\u3057\u3001EV\u306e\u7a0e\u7387\u306f<a href=\"https:\/\/www.ainvest.com\/news\/turkey-tv-tax-overhaul-catalyst-electric-vehicle-growth-renewable-energy-investment-2507\/\">10\uff5e60\uff05<\/a>\u306b\u5f15\u304d\u4e0b\u3052\u3089\u308c\u307e\u3057\u305f\u3002<\/li>\r\n<li>\u65b0\u898f\u6295\u8cc7\u306b\u306f\u3001BYD\u306e10\u5104\u7c73\u30c9\u30eb\u898f\u6a21\u306e\u5de5\u5834\u6295\u8cc7\u3084\u3001Hyundai\u304c2026\u5e74\u306b\u30a4\u30ba\u30df\u30c3\u30c8\u3067EV\u751f\u7523\u3092\u958b\u59cb\u3059\u308b\u8a08\u753b\u304c\u542b\u307e\u308c\u3066\u304a\u308a\u3001TOGG\u3068\u3042\u308f\u305b\u3066\u3001\u30c8\u30eb\u30b3\u306b\u306f\u5c11\u306a\u304f\u3068\u30824\u3064\u306e\u56fd\u7523<a href=\"https:\/\/www.ainvest.com\/news\/turkey-tv-tax-overhaul-catalyst-electric-vehicle-growth-renewable-energy-investment-2507\/\">EV\u30e2\u30c7\u30eb<\/a>\u304c\u5b58\u5728\u3059\u308b\u3053\u3068\u306b\u306a\u308a\u307e\u3059\u3002<\/li>\r\n<li>EV\u5145\u96fb\u30cd\u30c3\u30c8\u30ef\u30fc\u30af\u3082\u6025\u901f\u306b\u62e1\u5927\u3057\u3066\u304a\u308a\u30012025\u5e74\u307e\u3067\u306b28,000\u5730\u70b9\u3092\u8d85\u3048\u30012030\u5e74\u307e\u3067\u306b140,000\u5730\u70b9\u306b\u9054\u3059\u308b\u3068\u4e88\u6e2c\u3055\u308c\u3066\u3044\u307e\u3059\u3002E\u015farj\u3001Otojet\u3001GIOEV\u306a\u3069\u306e\u4f01\u696d\u304c\u727d\u5f15\u3057\u3066\u304a\u308a\u3001GIOEV\u306f<a href=\"https:\/\/gioev.com\/blog-detay\/elektrikli-otomobilleri-hizlandiracak-yatirim,6397933a9127d4548404ef1c\">\u30a4\u30b9\u30bf\u30f3\u30d6\u30fc\u30eb<\/a>\u3067\u30c8\u30eb\u30b3\u521d\u306e300kW\u518d\u751f\u53ef\u80fd\u30a8\u30cd\u30eb\u30ae\u30fc\u96fb\u6e90\u306e\u5145\u96fb\u30b9\u30c6\u30fc\u30b7\u30e7\u30f3\u3092\u7acb\u3061\u4e0a\u3052\u307e\u3057\u305f\u3002<\/li>\r\n<\/ul>\r\n<\/li>\r\n<\/ul>\r\n<p>\r\n\r\n<\/p>\r\n<h2 class=\"wp-block-heading\">\u5c06\u6765\u306e\u898b\u901a\u3057<\/h2>\r\n<p>\r\n\r\n<\/p>\r\n<ul class=\"wp-block-list\">\r\n<li>\u30c8\u30eb\u30b3\u306f\u30012030\u5e74\u306b\u5411\u3051\u3066EV\u3001\u5145\u96fb\u30a4\u30f3\u30d5\u30e9\u3001\u30d0\u30c3\u30c6\u30ea\u30fc\u88fd\u9020\u306e\u5404\u5206\u91ce\u3067\u91ce\u5fc3\u7684\u306a\u76ee\u6a19\u3092\u63b2\u3052\u3066\u304a\u308a\u3001\u5927\u304d\u306a\u6210\u9577\u6a5f\u4f1a\u304c\u3042\u308b\u3053\u3068\u3092\u793a\u3057\u3066\u3044\u307e\u3059\u3002<\/li>\r\n<li>2030\u5e74\u307e\u3067\u306bEV\u4fdd\u6709\u53f0\u6570\u306f<a href=\"https:\/\/acceleratingtozero.org\/investing-in-a-domestic-turkish-electric-vehicle-ecosystem\/\">\u7d04200\u4e07\uff5e250\u4e07\u53f0\u3078<\/a>\u62e1\u5927\u3059\u308b\u3068\u4e88\u6e2c\u3055\u308c\u3066\u304a\u308a\u3001\u5e74\u9593\u8ca9\u58f2\u53f0\u6570\u306f<a href=\"https:\/\/www.statista.com\/outlook\/mmo\/electric-vehicles\/turkey\">\u7d04456,000\u53f0<\/a>\u306b\u9054\u3059\u308b\u3068\u898b\u8fbc\u307e\u308c\u3066\u3044\u307e\u3059\u3002<\/li>\r\n<li>\u5145\u96fb\u30a4\u30f3\u30d5\u30e9\u3082\u3001\u4e88\u6e2c\u3055\u308c\u308b\u30d7\u30ed\u30b8\u30a7\u30af\u30c8\u3068\u4e26\u884c\u3057\u3066\u62e1\u5927\u3057\u3001<a href=\"https:\/\/www.strategyand.pwc.com\/tr\/possible-approaches-to-handle-current-profitability-challenges-in-the-turkish-ev-charging-market\">2032<\/a>\u5e74\u307e\u3067\u306b\u5145\u96fb\u30bd\u30b1\u30c3\u30c8\u6570\u306f118,000\uff5e122,000\u53e3\u306b\u9054\u3059\u308b\u3068\u898b\u8fbc\u307e\u308c\u3066\u3044\u307e\u3059\u3002<\/li>\r\n<li>\u30d0\u30c3\u30c6\u30ea\u30fc\u5206\u91ce\u3067\u306f\u3001\u30c8\u30eb\u30b3\u306f2030\u5e74\u307e\u3067\u306b<a href=\"https:\/\/www.energytrend.com\/news\/20250108-48952.html\">\u5e74\u959380GWh\u306e\u56fd\u5185\u30d0\u30c3\u30c6\u30ea\u30fc\u751f\u7523\u80fd\u529b<\/a>\u3092\u76ee\u6307\u3057\u3066\u304a\u308a\u3001\u30d0\u30c3\u30c6\u30ea\u30fc\u88fd\u9020\u304a\u3088\u3073<a href=\"https:\/\/www.alexec-consulting.com\/post\/turkey-s-ev-momentum-the-market-changes\">\u30a8\u30cd\u30eb\u30ae\u30fc\u8caf\u8535\u6280\u8853<\/a>\u306e\u5730\u57df\u62e0\u70b9\u3068\u3057\u3066\u306e\u5730\u4f4d\u78ba\u7acb\u3092\u56f3\u3063\u3066\u3044\u307e\u3059\u3002<\/li>\r\n<li>\u30c8\u30eb\u30b3\u653f\u5e9c\u306e\u300c2030\u5e74\u7523\u696d\u30fb\u6280\u8853\u6226\u7565\u6587\u66f8\u300d\u306f\u3001\u300c\u30cf\u30a4\u30c6\u30af\u300d\u3084\u300c\u5148\u9032\u30e2\u30d3\u30ea\u30c6\u30a3\u300d\u3068\u3044\u3063\u305f\u6226\u7565\u7684\u67f1\u3092\u5f37\u8abf\u3057\u3066\u304a\u308a\u3001\u56fd\u7523EV\u3001\u30d0\u30c3\u30c6\u30ea\u30fc\u3001<a href=\"https:\/\/www.sanayi.gov.tr\/assets\/pdf\/plan-program\/2030IndustryAndTechnologyStrategyENG.pdf\">\u30e2\u30d3\u30ea\u30c6\u30a3\u30b5\u30fc\u30d3\u30b9\u306e\u80fd\u529b<\/a>\u3092\u958b\u767a\u3059\u308b\u610f\u56f3\u3092\u660e\u78ba\u306b\u3057\u3066\u3044\u307e\u3059\u3002<\/li>\r\n<li>\u3053\u308c\u3089\u306e\u4e88\u6e2c\u306f\u7dcf\u3058\u3066\u3001\u30c8\u30eb\u30b3\u304cEV\u5206\u91ce\u306b\u304a\u3051\u308b\u4e3b\u8981\u62e0\u70b9\u3068\u306a\u308b\u305f\u3081\u306e\u5909\u9769\u7684\u306a\u30b7\u30d5\u30c8\u3092\u793a\u3057\u3066\u304a\u308a\u3001\u6295\u8cc7\u3001\u73fe\u5730\u5316\u3001\u8f38\u51fa\u4e3b\u5c0e\u306e\u6210\u9577\u306b\u304a\u3044\u3066\u5927\u304d\u306a\u6a5f\u4f1a\u3092\u3082\u305f\u3089\u3059\u3053\u3068\u3092\u793a\u5506\u3057\u3066\u3044\u307e\u3059\u3002<\/li>\r\n<\/ul>\r\n<ul class=\"wp-block-list\"><\/ul>\r\n<p><\/p>","protected":false},"excerpt":{"rendered":"<p>\u30c8\u30eb\u30b3EV\u5e02\u5834\u306e\u5e02\u5834\u898f\u6a21 \u30c8\u30eb\u30b3EV\u5e02\u5834\u306e\u5e02\u5834\u898f\u6a21 \u30d0\u30c3\u30c6\u30ea\u30fc\u88fd\u9020\u3001\u81ea\u52d5\u8eca\u90e8\u54c1\u3001\u96fb\u52d5\u5316\u306b\u304a\u3051\u308b\u30c8\u30eb\u30b3\u306e\u4f4d\u7f6e\u3065\u3051 Does Turkey make electric cars? \u30c8\u30eb\u30b3\u3067\u4eba\u6c17\u306e\u3042\u308bEV\u30d6\u30e9\u30f3\u30c9\u306f\u4f55\u3067\u3059\u304b\uff1f &#8230;<\/p>\n","protected":false},"author":5,"featured_media":2557,"comment_status":"closed","ping_status":"closed","sticky":false,"template":"","format":"standard","meta":{"_acf_changed":false,"nf_dc_page":"","inline_featured_image":false,"_jetpack_memberships_contains_paid_content":false,"footnotes":""},"categories":[400,3],"tags":[423],"class_list":["post-2462","post","type-post","status-publish","format-standard","has-post-thumbnail","hentry","category-turkey-as-a-market","category-blog","tag-ev"],"acf":{"show_author_info":false,"abstract":"","featured_blog":false,"references":null},"yoast_head":"<!-- This site is optimized with the Yoast SEO plugin v27.4 - https:\/\/yoast.com\/product\/yoast-seo-wordpress\/ -->\n<title>\u30c8\u30eb\u30b3\u306eEV\u5e02\u5834 | Global Angle<\/title>\n<meta name=\"description\" content=\"2025\u5e74\u306b\u7d04143\u5104\u7c73\u30c9\u30eb\u898f\u6a21\u306b\u9054\u3059\u308b\u3068\u898b\u8fbc\u307e\u308c\u308b\u30c8\u30eb\u30b3\u306eEV\u5e02\u5834\u306b\u3064\u3044\u3066\u7406\u89e3\u3092\u6df1\u3081\u307e\u3057\u3087\u3046\u3002\" \/>\n<link rel=\"canonical\" href=\"https:\/\/global-angle.com\/ja\/turkey-ev-market\/\" \/>\n<meta property=\"og:locale\" content=\"ja_JP\" \/>\n<meta property=\"og:type\" content=\"article\" \/>\n<meta property=\"og:title\" content=\"\u30c8\u30eb\u30b3\u306eEV\u5e02\u5834 | Global Angle\" \/>\n<meta property=\"og:description\" content=\"2025\u5e74\u306b\u7d04143\u5104\u7c73\u30c9\u30eb\u898f\u6a21\u306b\u9054\u3059\u308b\u3068\u898b\u8fbc\u307e\u308c\u308b\u30c8\u30eb\u30b3\u306eEV\u5e02\u5834\u306b\u3064\u3044\u3066\u7406\u89e3\u3092\u6df1\u3081\u307e\u3057\u3087\u3046\u3002\" \/>\n<meta property=\"og:url\" content=\"https:\/\/global-angle.com\/ja\/turkey-ev-market\/\" \/>\n<meta property=\"og:site_name\" content=\"Global Angle\" \/>\n<meta property=\"article:published_time\" content=\"2025-12-10T07:03:44+00:00\" \/>\n<meta property=\"article:modified_time\" content=\"2026-02-13T04:51:45+00:00\" \/>\n<meta property=\"og:image\" content=\"https:\/\/global-angle.com\/wp-content\/uploads\/2025\/11\/Turkey-EV-market.jpg\" \/>\n\t<meta property=\"og:image:width\" content=\"1920\" \/>\n\t<meta property=\"og:image:height\" content=\"1440\" \/>\n\t<meta property=\"og:image:type\" content=\"image\/jpeg\" \/>\n<meta name=\"author\" content=\"rasyiqah\" \/>\n<meta name=\"twitter:card\" content=\"summary_large_image\" \/>\n<meta name=\"twitter:label1\" content=\"\u57f7\u7b46\u8005\" \/>\n\t<meta name=\"twitter:data1\" content=\"rasyiqah\" \/>\n\t<meta name=\"twitter:label2\" content=\"\u63a8\u5b9a\u8aad\u307f\u53d6\u308a\u6642\u9593\" \/>\n\t<meta name=\"twitter:data2\" content=\"5\u5206\" \/>\n<script type=\"application\/ld+json\" class=\"yoast-schema-graph\">{\"@context\":\"https:\\\/\\\/schema.org\",\"@graph\":[{\"@type\":[\"Article\",\"BlogPosting\"],\"@id\":\"https:\\\/\\\/global-angle.com\\\/turkey-ev-market\\\/#article\",\"isPartOf\":{\"@id\":\"https:\\\/\\\/global-angle.com\\\/turkey-ev-market\\\/\"},\"author\":{\"name\":\"rasyiqah\",\"@id\":\"https:\\\/\\\/global-angle.com\\\/#\\\/schema\\\/person\\\/05e0745d45f22e9fcd9493b8c08a7f68\"},\"headline\":\"\u30c8\u30eb\u30b3\u306eEV\u5e02\u5834\",\"datePublished\":\"2025-12-10T07:03:44+00:00\",\"dateModified\":\"2026-02-13T04:51:45+00:00\",\"mainEntityOfPage\":{\"@id\":\"https:\\\/\\\/global-angle.com\\\/turkey-ev-market\\\/\"},\"wordCount\":1013,\"publisher\":{\"@id\":\"https:\\\/\\\/global-angle.com\\\/#organization\"},\"image\":{\"@id\":\"https:\\\/\\\/global-angle.com\\\/turkey-ev-market\\\/#primaryimage\"},\"thumbnailUrl\":\"https:\\\/\\\/i0.wp.com\\\/global-angle.com\\\/wp-content\\\/uploads\\\/2025\\\/11\\\/Turkey-EV-market.jpg?fit=1920%2C1440&ssl=1\",\"keywords\":[\"EV\"],\"articleSection\":[\"Turkey As A Market\",\"\u30d6\u30ed\u30b0\"],\"inLanguage\":\"ja\"},{\"@type\":\"WebPage\",\"@id\":\"https:\\\/\\\/global-angle.com\\\/ja\\\/turkey-ev-market\\\/\",\"url\":\"https:\\\/\\\/global-angle.com\\\/ja\\\/turkey-ev-market\\\/\",\"name\":\"\u30c8\u30eb\u30b3\u306eEV\u5e02\u5834 | Global Angle\",\"isPartOf\":{\"@id\":\"https:\\\/\\\/global-angle.com\\\/ja\\\/#website\"},\"primaryImageOfPage\":{\"@id\":\"https:\\\/\\\/global-angle.com\\\/ja\\\/turkey-ev-market\\\/#primaryimage\"},\"image\":{\"@id\":\"https:\\\/\\\/global-angle.com\\\/turkey-ev-market\\\/#primaryimage\"},\"thumbnailUrl\":\"https:\\\/\\\/i0.wp.com\\\/global-angle.com\\\/wp-content\\\/uploads\\\/2025\\\/11\\\/Turkey-EV-market.jpg?fit=1920%2C1440&ssl=1\",\"datePublished\":\"2025-12-10T07:03:44+00:00\",\"dateModified\":\"2026-02-13T04:51:45+00:00\",\"description\":\"2025\u5e74\u306b\u7d04143\u5104\u7c73\u30c9\u30eb\u898f\u6a21\u306b\u9054\u3059\u308b\u3068\u898b\u8fbc\u307e\u308c\u308b\u30c8\u30eb\u30b3\u306eEV\u5e02\u5834\u306b\u3064\u3044\u3066\u7406\u89e3\u3092\u6df1\u3081\u307e\u3057\u3087\u3046\u3002\",\"breadcrumb\":{\"@id\":\"https:\\\/\\\/global-angle.com\\\/ja\\\/turkey-ev-market\\\/#breadcrumb\"},\"inLanguage\":\"ja\",\"potentialAction\":[{\"@type\":\"ReadAction\",\"target\":[[\"https:\\\/\\\/global-angle.com\\\/ja\\\/turkey-ev-market\\\/\"]]}]},{\"@type\":\"ImageObject\",\"inLanguage\":\"ja\",\"@id\":\"https:\\\/\\\/global-angle.com\\\/ja\\\/turkey-ev-market\\\/#primaryimage\",\"url\":\"https:\\\/\\\/i0.wp.com\\\/global-angle.com\\\/wp-content\\\/uploads\\\/2025\\\/11\\\/Turkey-EV-market.jpg?fit=1920%2C1440&ssl=1\",\"contentUrl\":\"https:\\\/\\\/i0.wp.com\\\/global-angle.com\\\/wp-content\\\/uploads\\\/2025\\\/11\\\/Turkey-EV-market.jpg?fit=1920%2C1440&ssl=1\",\"width\":1920,\"height\":1440},{\"@type\":\"BreadcrumbList\",\"@id\":\"https:\\\/\\\/global-angle.com\\\/ja\\\/turkey-ev-market\\\/#breadcrumb\",\"itemListElement\":[{\"@type\":\"ListItem\",\"position\":1,\"name\":\"\u30db\u30fc\u30e0\",\"item\":\"https:\\\/\\\/global-angle.com\\\/ja\\\/\"},{\"@type\":\"ListItem\",\"position\":2,\"name\":\"\u30d6\u30ed\u30b0\",\"item\":\"https:\\\/\\\/global-angle.com\\\/ja\\\/blog\\\/\"},{\"@type\":\"ListItem\",\"position\":3,\"name\":\"Turkey As A Market\",\"item\":\"https:\\\/\\\/global-angle.com\\\/ja\\\/blog\\\/turkey-as-a-market\\\/\"},{\"@type\":\"ListItem\",\"position\":4,\"name\":\"Turkey EV Market\"}]},{\"@type\":\"WebSite\",\"@id\":\"https:\\\/\\\/global-angle.com\\\/ja\\\/#website\",\"url\":\"https:\\\/\\\/global-angle.com\\\/ja\\\/\",\"name\":\"GLOBAL ANGLE\",\"description\":\"[:en]Global market research and business consultancy that connects you to any spot in the world.[:ja]\u4e16\u754c70\u304b\u56fd\u30fb90\u90fd\u5e02\u4ee5\u4e0a\u3067\u306e\u73fe\u5730\u306b\u7acb\u811a\u3057\u305f\u30d5\u30a3\u30fc\u30eb\u30c9\u8abf\u67fb[:]\",\"publisher\":{\"@id\":\"https:\\\/\\\/global-angle.com\\\/ja\\\/#organization\"},\"alternateName\":\"GLOBAL ANGLE PTE LTD\",\"potentialAction\":[{\"@type\":\"SearchAction\",\"target\":{\"@type\":\"EntryPoint\",\"urlTemplate\":\"https:\\\/\\\/global-angle.com\\\/ja\\\/?s={search_term_string}\"},\"query-input\":{\"@type\":\"PropertyValueSpecification\",\"valueRequired\":true,\"valueName\":\"search_term_string\"}}],\"inLanguage\":\"ja\"},{\"@type\":\"Organization\",\"@id\":\"https:\\\/\\\/global-angle.com\\\/ja\\\/#organization\",\"name\":\"GLOBAL ANGLE\",\"alternateName\":\"\u30b0\u30ed\u30fc\u30d0\u30eb\u30a2\u30f3\u30b0\u30eb\",\"url\":\"https:\\\/\\\/global-angle.com\\\/ja\\\/\",\"logo\":{\"@type\":\"ImageObject\",\"inLanguage\":\"ja\",\"@id\":\"https:\\\/\\\/global-angle.com\\\/ja\\\/#\\\/schema\\\/logo\\\/image\\\/\",\"url\":\"https:\\\/\\\/i0.wp.com\\\/global-angle.com\\\/wp-content\\\/uploads\\\/2025\\\/01\\\/cropped-favicon-global-angle.png?fit=512%2C512&ssl=1\",\"contentUrl\":\"https:\\\/\\\/i0.wp.com\\\/global-angle.com\\\/wp-content\\\/uploads\\\/2025\\\/01\\\/cropped-favicon-global-angle.png?fit=512%2C512&ssl=1\",\"width\":512,\"height\":512,\"caption\":\"GLOBAL ANGLE\"},\"image\":{\"@id\":\"https:\\\/\\\/global-angle.com\\\/ja\\\/#\\\/schema\\\/logo\\\/image\\\/\"}},{\"@type\":\"Person\",\"@id\":\"https:\\\/\\\/global-angle.com\\\/#\\\/schema\\\/person\\\/05e0745d45f22e9fcd9493b8c08a7f68\",\"name\":\"rasyiqah\",\"url\":\"https:\\\/\\\/global-angle.com\\\/ja\\\/author\\\/rasyiqah\\\/\"}]}<\/script>\n<!-- \/ Yoast SEO plugin. -->","yoast_head_json":{"title":"\u30c8\u30eb\u30b3\u306eEV\u5e02\u5834 | Global Angle","description":"2025\u5e74\u306b\u7d04143\u5104\u7c73\u30c9\u30eb\u898f\u6a21\u306b\u9054\u3059\u308b\u3068\u898b\u8fbc\u307e\u308c\u308b\u30c8\u30eb\u30b3\u306eEV\u5e02\u5834\u306b\u3064\u3044\u3066\u7406\u89e3\u3092\u6df1\u3081\u307e\u3057\u3087\u3046\u3002","canonical":"https:\/\/global-angle.com\/ja\/turkey-ev-market\/","og_locale":"ja_JP","og_type":"article","og_title":"\u30c8\u30eb\u30b3\u306eEV\u5e02\u5834 | Global Angle","og_description":"2025\u5e74\u306b\u7d04143\u5104\u7c73\u30c9\u30eb\u898f\u6a21\u306b\u9054\u3059\u308b\u3068\u898b\u8fbc\u307e\u308c\u308b\u30c8\u30eb\u30b3\u306eEV\u5e02\u5834\u306b\u3064\u3044\u3066\u7406\u89e3\u3092\u6df1\u3081\u307e\u3057\u3087\u3046\u3002","og_url":"https:\/\/global-angle.com\/ja\/turkey-ev-market\/","og_site_name":"Global Angle","article_published_time":"2025-12-10T07:03:44+00:00","article_modified_time":"2026-02-13T04:51:45+00:00","og_image":[{"width":1920,"height":1440,"url":"https:\/\/global-angle.com\/wp-content\/uploads\/2025\/11\/Turkey-EV-market.jpg","type":"image\/jpeg"}],"author":"rasyiqah","twitter_card":"summary_large_image","twitter_misc":{"\u57f7\u7b46\u8005":"rasyiqah","\u63a8\u5b9a\u8aad\u307f\u53d6\u308a\u6642\u9593":"5\u5206"},"schema":{"@context":"https:\/\/schema.org","@graph":[{"@type":["Article","BlogPosting"],"@id":"https:\/\/global-angle.com\/turkey-ev-market\/#article","isPartOf":{"@id":"https:\/\/global-angle.com\/turkey-ev-market\/"},"author":{"name":"rasyiqah","@id":"https:\/\/global-angle.com\/#\/schema\/person\/05e0745d45f22e9fcd9493b8c08a7f68"},"headline":"\u30c8\u30eb\u30b3\u306eEV\u5e02\u5834","datePublished":"2025-12-10T07:03:44+00:00","dateModified":"2026-02-13T04:51:45+00:00","mainEntityOfPage":{"@id":"https:\/\/global-angle.com\/turkey-ev-market\/"},"wordCount":1013,"publisher":{"@id":"https:\/\/global-angle.com\/#organization"},"image":{"@id":"https:\/\/global-angle.com\/turkey-ev-market\/#primaryimage"},"thumbnailUrl":"https:\/\/i0.wp.com\/global-angle.com\/wp-content\/uploads\/2025\/11\/Turkey-EV-market.jpg?fit=1920%2C1440&ssl=1","keywords":["EV"],"articleSection":["Turkey As A Market","\u30d6\u30ed\u30b0"],"inLanguage":"ja"},{"@type":"WebPage","@id":"https:\/\/global-angle.com\/ja\/turkey-ev-market\/","url":"https:\/\/global-angle.com\/ja\/turkey-ev-market\/","name":"\u30c8\u30eb\u30b3\u306eEV\u5e02\u5834 | Global Angle","isPartOf":{"@id":"https:\/\/global-angle.com\/ja\/#website"},"primaryImageOfPage":{"@id":"https:\/\/global-angle.com\/ja\/turkey-ev-market\/#primaryimage"},"image":{"@id":"https:\/\/global-angle.com\/turkey-ev-market\/#primaryimage"},"thumbnailUrl":"https:\/\/i0.wp.com\/global-angle.com\/wp-content\/uploads\/2025\/11\/Turkey-EV-market.jpg?fit=1920%2C1440&ssl=1","datePublished":"2025-12-10T07:03:44+00:00","dateModified":"2026-02-13T04:51:45+00:00","description":"2025\u5e74\u306b\u7d04143\u5104\u7c73\u30c9\u30eb\u898f\u6a21\u306b\u9054\u3059\u308b\u3068\u898b\u8fbc\u307e\u308c\u308b\u30c8\u30eb\u30b3\u306eEV\u5e02\u5834\u306b\u3064\u3044\u3066\u7406\u89e3\u3092\u6df1\u3081\u307e\u3057\u3087\u3046\u3002","breadcrumb":{"@id":"https:\/\/global-angle.com\/ja\/turkey-ev-market\/#breadcrumb"},"inLanguage":"ja","potentialAction":[{"@type":"ReadAction","target":[["https:\/\/global-angle.com\/ja\/turkey-ev-market\/"]]}]},{"@type":"ImageObject","inLanguage":"ja","@id":"https:\/\/global-angle.com\/ja\/turkey-ev-market\/#primaryimage","url":"https:\/\/i0.wp.com\/global-angle.com\/wp-content\/uploads\/2025\/11\/Turkey-EV-market.jpg?fit=1920%2C1440&ssl=1","contentUrl":"https:\/\/i0.wp.com\/global-angle.com\/wp-content\/uploads\/2025\/11\/Turkey-EV-market.jpg?fit=1920%2C1440&ssl=1","width":1920,"height":1440},{"@type":"BreadcrumbList","@id":"https:\/\/global-angle.com\/ja\/turkey-ev-market\/#breadcrumb","itemListElement":[{"@type":"ListItem","position":1,"name":"\u30db\u30fc\u30e0","item":"https:\/\/global-angle.com\/ja\/"},{"@type":"ListItem","position":2,"name":"\u30d6\u30ed\u30b0","item":"https:\/\/global-angle.com\/ja\/blog\/"},{"@type":"ListItem","position":3,"name":"Turkey As A Market","item":"https:\/\/global-angle.com\/ja\/blog\/turkey-as-a-market\/"},{"@type":"ListItem","position":4,"name":"Turkey EV Market"}]},{"@type":"WebSite","@id":"https:\/\/global-angle.com\/ja\/#website","url":"https:\/\/global-angle.com\/ja\/","name":"GLOBAL ANGLE","description":"[:en]Global market research and business consultancy that connects you to any spot in the world.[:ja]\u4e16\u754c70\u304b\u56fd\u30fb90\u90fd\u5e02\u4ee5\u4e0a\u3067\u306e\u73fe\u5730\u306b\u7acb\u811a\u3057\u305f\u30d5\u30a3\u30fc\u30eb\u30c9\u8abf\u67fb[:]","publisher":{"@id":"https:\/\/global-angle.com\/ja\/#organization"},"alternateName":"GLOBAL ANGLE PTE LTD","potentialAction":[{"@type":"SearchAction","target":{"@type":"EntryPoint","urlTemplate":"https:\/\/global-angle.com\/ja\/?s={search_term_string}"},"query-input":{"@type":"PropertyValueSpecification","valueRequired":true,"valueName":"search_term_string"}}],"inLanguage":"ja"},{"@type":"Organization","@id":"https:\/\/global-angle.com\/ja\/#organization","name":"GLOBAL ANGLE","alternateName":"\u30b0\u30ed\u30fc\u30d0\u30eb\u30a2\u30f3\u30b0\u30eb","url":"https:\/\/global-angle.com\/ja\/","logo":{"@type":"ImageObject","inLanguage":"ja","@id":"https:\/\/global-angle.com\/ja\/#\/schema\/logo\/image\/","url":"https:\/\/i0.wp.com\/global-angle.com\/wp-content\/uploads\/2025\/01\/cropped-favicon-global-angle.png?fit=512%2C512&ssl=1","contentUrl":"https:\/\/i0.wp.com\/global-angle.com\/wp-content\/uploads\/2025\/01\/cropped-favicon-global-angle.png?fit=512%2C512&ssl=1","width":512,"height":512,"caption":"GLOBAL ANGLE"},"image":{"@id":"https:\/\/global-angle.com\/ja\/#\/schema\/logo\/image\/"}},{"@type":"Person","@id":"https:\/\/global-angle.com\/#\/schema\/person\/05e0745d45f22e9fcd9493b8c08a7f68","name":"rasyiqah","url":"https:\/\/global-angle.com\/ja\/author\/rasyiqah\/"}]}},"jetpack_featured_media_url":"https:\/\/i0.wp.com\/global-angle.com\/wp-content\/uploads\/2025\/11\/Turkey-EV-market.jpg?fit=1920%2C1440&ssl=1","jetpack_sharing_enabled":true,"_links":{"self":[{"href":"https:\/\/global-angle.com\/ja\/wp-json\/wp\/v2\/posts\/2462","targetHints":{"allow":["GET"]}}],"collection":[{"href":"https:\/\/global-angle.com\/ja\/wp-json\/wp\/v2\/posts"}],"about":[{"href":"https:\/\/global-angle.com\/ja\/wp-json\/wp\/v2\/types\/post"}],"author":[{"embeddable":true,"href":"https:\/\/global-angle.com\/ja\/wp-json\/wp\/v2\/users\/5"}],"replies":[{"embeddable":true,"href":"https:\/\/global-angle.com\/ja\/wp-json\/wp\/v2\/comments?post=2462"}],"version-history":[{"count":3,"href":"https:\/\/global-angle.com\/ja\/wp-json\/wp\/v2\/posts\/2462\/revisions"}],"predecessor-version":[{"id":2984,"href":"https:\/\/global-angle.com\/ja\/wp-json\/wp\/v2\/posts\/2462\/revisions\/2984"}],"wp:featuredmedia":[{"embeddable":true,"href":"https:\/\/global-angle.com\/ja\/wp-json\/wp\/v2\/media\/2557"}],"wp:attachment":[{"href":"https:\/\/global-angle.com\/ja\/wp-json\/wp\/v2\/media?parent=2462"}],"wp:term":[{"taxonomy":"category","embeddable":true,"href":"https:\/\/global-angle.com\/ja\/wp-json\/wp\/v2\/categories?post=2462"},{"taxonomy":"post_tag","embeddable":true,"href":"https:\/\/global-angle.com\/ja\/wp-json\/wp\/v2\/tags?post=2462"}],"curies":[{"name":"wp","href":"https:\/\/api.w.org\/{rel}","templated":true}]}}